{"id":133,"date":"2026-04-15T10:01:07","date_gmt":"2026-04-15T08:01:07","guid":{"rendered":"https:\/\/snajberkova.cz\/?p=133"},"modified":"2026-04-15T10:01:07","modified_gmt":"2026-04-15T08:01:07","slug":"karafiatova-kvetomluva","status":"publish","type":"post","link":"https:\/\/snajberkova.cz\/index.php\/2026\/04\/15\/karafiatova-kvetomluva\/","title":{"rendered":"Karafi\u00e1tov\u00e1 kv\u011btomluva"},"content":{"rendered":"\n<p>V dom\u011b je na chv\u00edli klid. Ten vz\u00e1cn\u00fd, kter\u00fd nastane, kdy\u017e se star\u0161\u00ed syn zabav\u00ed s Legem a novorozenec po prono\u0161en\u00fdch hodin\u00e1ch sn\u00ed u sebe v post\u00fdlce. Sed\u00e1m si ke kytici karafi\u00e1t\u016f, kterou jsem dostala od babi\u010dky, a za\u010d\u00edn\u00e1m aran\u017eovat z\u00e1ti\u0161\u00ed.<\/p>\n\n\n\n<p>Je to nepraktick\u00e9, j\u00e1 v\u00edm. M\u011bla bych d\u00e1t pr\u00e1t pr\u00e1dlo, vyndat n\u00e1dob\u00ed z my\u010dky a vymyslet, co budu va\u0159it k ob\u011bdu. Ale neud\u011bl\u00e1m nic z toho.<\/p>\n\n\n\n<p>Kytici nem\u016f\u017eu nechat jen tak uvadnout. Je od babi\u010dky. K oslav\u011b toho, \u017ee se na\u0161e rodina rozrostla o dal\u0161\u00edho \u010dlena. \u201eOby\u010dejn\u00e9\u201c karafi\u00e1ty, kter\u00e9 se u\u017e v z\u00e1plav\u011b instagramov\u00fdch eukalypt\u016f a pivon\u011bk tak \u010dasto nevid\u00ed.<\/p>\n\n\n\n<figure class=\"wp-block-image\"><a class=\"image-link image2 is-viewable-img can-restack\" href=\"https:\/\/substackcdn.com\/image\/fetch\/$s_!_Xhv!,f_auto,q_auto:good,fl_progressive:steep\/https%3A%2F%2Fsubstack-post-media.s3.amazonaws.com%2Fpublic%2Fimages%2F6316dc2b-c883-47f6-98df-6ecdefdc4988_1126x1500.jpeg\" target=\"_blank\" rel=\"noreferrer noopener\"><img decoding=\"async\" src=\"https:\/\/substackcdn.com\/image\/fetch\/$s_!_Xhv!,w_1456,c_limit,f_auto,q_auto:good,fl_progressive:steep\/https%3A%2F%2Fsubstack-post-media.s3.amazonaws.com%2Fpublic%2Fimages%2F6316dc2b-c883-47f6-98df-6ecdefdc4988_1126x1500.jpeg\" alt=\"\"\/><\/a><\/figure>\n\n\n\n<p>Viktori\u00e1nsk\u00e1 kv\u011btomluva mi p\u0159ipadala v\u017edycky trochu \u00fasm\u011bvn\u00e1. B\u00edl\u00e1 r\u016f\u017ee pro \u010distotu, \u017elut\u00e1 pro \u017e\u00e1rlivost\u2026. Tyhle karafi\u00e1ty toho ale \u0159\u00edkaj\u00ed mnohem v\u00edc. Zat\u00edmco syn von\u00ed nezam\u011bnitelnou novorozeneckou novotou, tahle kytice naopak von\u00ed kontinuitou, ve kter\u00e9 se setk\u00e1vaj\u00ed \u010dty\u0159i r\u016fzn\u00e9 generace.<\/p>\n\n\n\n<p>D\u00e1vat kytice k velk\u00fdm \u017eivotn\u00edm ud\u00e1lostem mi v\u017edycky p\u0159i\u0161lo trochu jako paradox. Pro\u010d k v\u00fdro\u010d\u00edm, narozenin\u00e1m, svatb\u00e1m, promoc\u00edm \u2013 miln\u00edk\u016fm, ke kter\u00fdm se dostat, zabralo spoustu \u010dasu, d\u00e1v\u00e1me n\u011bco tak pom\u00edjiv\u00e9ho?<\/p>\n\n\n\n<p>M\u00e1 n\u00e1m to p\u0159ipomenout, \u017ee nic nebude trvat v\u011b\u010dn\u011b? U\u017eij si tenhle speci\u00e1ln\u00ed okam\u017eik, to jak se ti syn schov\u00e1 do n\u00e1ru\u010de, jak se do sebe vp\u00edj\u00ed barvy na kv\u011btech karafi\u00e1t\u016f, proto\u017ee to ji\u017e brzy pomine?<\/p>\n\n\n\n<p>Douf\u00e1m, \u017ee kdy\u017e z\u00e1ti\u0161\u00ed vyfot\u00edm, budu t\u00e9hle pom\u00edjivosti aspo\u0148 trochu vzdorovat. Nefot\u00edm jen n\u011bjakou kytku. Ale vzpom\u00ednku \u2013 na mal\u00e9ho novorozence, na babi\u010dku a na kus na\u0161eho spole\u010dn\u00e9ho p\u0159\u00edb\u011bhu.<\/p>\n\n\n\n<p>Karafi\u00e1ty brzy vyhod\u00edm, ale fotka se mnou m\u016f\u017ee b\u00fdt a\u017e do konce \u017eivota.<\/p>\n\n\n\n<figure class=\"wp-block-image size-large\"><img decoding=\"async\" src=\"https:\/\/substackcdn.com\/image\/fetch\/$s_!PQOf!,w_1456,c_limit,f_webp,q_auto:good,fl_progressive:steep\/https%3A%2F%2Fsubstack-post-media.s3.amazonaws.com%2Fpublic%2Fimages%2Feabac197-37da-4866-b9f5-a97081799abb_1126x1500.jpeg\" alt=\"\"\/><\/figure>\n","protected":false},"excerpt":{"rendered":"<p>V dom\u011b je na chv\u00edli klid. Ten vz\u00e1cn\u00fd, kter\u00fd nastane, kdy\u017e se star\u0161\u00ed syn zabav\u00ed s Legem a novorozenec po prono\u0161en\u00fdch hodin\u00e1ch sn\u00ed u sebe v post\u00fdlce. Sed\u00e1m si ke kytici karafi\u00e1t\u016f, kterou jsem dostala od babi\u010dky, a za\u010d\u00edn\u00e1m aran\u017eovat z\u00e1ti\u0161\u00ed. Je to nepraktick\u00e9, j\u00e1 v\u00edm. M\u011bla bych d\u00e1t pr\u00e1t pr\u00e1dlo, vyndat n\u00e1dob\u00ed z my\u010dky [&hellip;]<\/p>\n","protected":false},"author":1,"featured_media":0,"comment_status":"closed","ping_status":"open","sticky":false,"template":"","format":"standard","meta":{"footnotes":""},"categories":[1],"tags":[],"class_list":["post-133","post","type-post","status-publish","format-standard","hentry","category-nezarazene"],"_links":{"self":[{"href":"https:\/\/snajberkova.cz\/index.php\/wp-json\/wp\/v2\/posts\/133","targetHints":{"allow":["GET"]}}],"collection":[{"href":"https:\/\/snajberkova.cz\/index.php\/wp-json\/wp\/v2\/posts"}],"about":[{"href":"https:\/\/snajberkova.cz\/index.php\/wp-json\/wp\/v2\/types\/post"}],"author":[{"embeddable":true,"href":"https:\/\/snajberkova.cz\/index.php\/wp-json\/wp\/v2\/users\/1"}],"replies":[{"embeddable":true,"href":"https:\/\/snajberkova.cz\/index.php\/wp-json\/wp\/v2\/comments?post=133"}],"version-history":[{"count":1,"href":"https:\/\/snajberkova.cz\/index.php\/wp-json\/wp\/v2\/posts\/133\/revisions"}],"predecessor-version":[{"id":134,"href":"https:\/\/snajberkova.cz\/index.php\/wp-json\/wp\/v2\/posts\/133\/revisions\/134"}],"wp:attachment":[{"href":"https:\/\/snajberkova.cz\/index.php\/wp-json\/wp\/v2\/media?parent=133"}],"wp:term":[{"taxonomy":"category","embeddable":true,"href":"https:\/\/snajberkova.cz\/index.php\/wp-json\/wp\/v2\/categories?post=133"},{"taxonomy":"post_tag","embeddable":true,"href":"https:\/\/snajberkova.cz\/index.php\/wp-json\/wp\/v2\/tags?post=133"}],"curies":[{"name":"wp","href":"https:\/\/api.w.org\/{rel}","templated":true}]}}